{"id":10022,"date":"2023-11-13T10:44:11","date_gmt":"2023-11-13T10:44:11","guid":{"rendered":"https:\/\/turkeyistanbulmedical.com\/?p=10022"},"modified":"2023-11-13T13:11:50","modified_gmt":"2023-11-13T13:11:50","slug":"quest-ce-que-la-maladie-des-os-de-verre-osteogenese-imparfaite","status":"publish","type":"post","link":"https:\/\/turkeyistanbulmedical.com\/fr\/quest-ce-que-la-maladie-des-os-de-verre-osteogenese-imparfaite\/","title":{"rendered":"Qu\u2019est-Ce Que La Maladie Des Os De Verre (Ost\u00e9ogen\u00e8se \u0130mparfaite)\u00a0?"},"content":{"rendered":"<h2><strong>Qu\u2019est-Ce Que <a href=\"https:\/\/www.turkeyistanbulmedical.com\/fr\/\">La Maladie Des Os De Verre<\/a> (<a href=\"https:\/\/www.turkeyistanbulmedical.com\/fr\/\">Ost\u00e9ogen\u00e8se \u0130mparfaite<\/a>)\u00a0?<\/strong><\/h2>\n<p>La maladie des os de verre, \u00e9galement connue sous le nom d&#8217;ost\u00e9ogen\u00e8se imparfaite, est une maladie g\u00e9n\u00e9tique caract\u00e9ris\u00e9e par une fracture facile des os, qui se d\u00e9veloppe en raison d&#8217;une carence en collag\u00e8ne qui constitue la structure du syst\u00e8me musculo-squelettique.<\/p>\n<p>Surtout lorsque les b\u00e9b\u00e9s naissent avec la maladie des os de verre, ils ont une structure osseuse sensible et fragile. Dans la maladie des os de verre, qui se d\u00e9veloppe g\u00e9n\u00e9ralement en raison d&#8217;une carence en collag\u00e8ne, qui constitue l&#8217;\u00e9l\u00e9ment constitutif du syst\u00e8me musculaire et squelettique du corps, les os se brisent facilement sans aucune blessure.<\/p>\n<p>Les sympt\u00f4mes courants de la maladie des os de verre, dont la gravit\u00e9 varie d&#8217;une personne \u00e0 l&#8217;autre, sont des fractures osseuses faciles \u00e0 d\u00e9velopper, un bleuissement du blanc des yeux et une perte auditive. Gr\u00e2ce \u00e0 un diagnostic et \u00e0 des m\u00e9thodes de traitement pr\u00e9coces, les sympt\u00f4mes de la maladie des os de verre peuvent \u00eatre r\u00e9duits ainsi que le risque de complications.<\/p>\n<h3><strong>Quelles Sont Les Causes De La Maladie Des Os De Verre (Ost\u00e9ogen\u00e8se \u0130mparfaite)\u00a0?<\/strong><\/h3>\n<p>La prot\u00e9ine la plus abondante dans les os est le collag\u00e8ne de type 1. S\u2019il y a un dysfonctionnement dans la synth\u00e8se de cette prot\u00e9ine, une ost\u00e9ogen\u00e8se imparfaite, ou maladie des os de verre, se produit. Ce trouble est transmis g\u00e9n\u00e9tiquement. En d\u2019autres termes, ce g\u00e8ne d\u00e9fectueux chez les parents peut \u00eatre transmis aux enfants.<\/p>\n<p>Ce g\u00e8ne peut \u00eatre dominant ou transmis de mani\u00e8re r\u00e9cessive. S\u2019il s\u2019agit du g\u00e8ne dominant, il est d\u00e9finitivement visible chez l\u2019enfant. Si le g\u00e8ne est r\u00e9cessif, la maladie peut ne pas \u00eatre observ\u00e9e chez l&#8217;enfant.<\/p>\n<p>La maladie peut survenir m\u00eame s\u2019il n\u2019y a aucun ant\u00e9c\u00e9dent de cette maladie dans la famille de la personne. De nouvelles mutations en sont tenues pour responsables. Des mutations dans le g\u00e8ne peuvent survenir \u00e0 la suite de situations telles qu&#8217;une exposition aux rayonnements et \u00e0 des produits chimiques. Cela peut survenir individuellement, m\u00eame s&#8217;il n&#8217;y a pas de maladie des os de verre dans la famille de la personne.<\/p>\n<h3><strong>Quels Sont Les Sympt\u00f4mes De La Maladie Des Os De Verre (Ost\u00e9ogen\u00e8se \u0130mparfaite)\u00a0?<\/strong><\/h3>\n<p>La maladie des os de verre ou ost\u00e9ogen\u00e8se imparfaite est une maladie g\u00e9n\u00e9tique qui provoque la rupture facile des os en raison du manque de prot\u00e9ine de collag\u00e8ne dans la structure des os et des tissus conjonctifs.<\/p>\n<p>Les sympt\u00f4mes et la gravit\u00e9 de cette maladie peuvent varier d&#8217;une personne \u00e0 l&#8217;autre.<\/p>\n<ul>\n<li>\n<h4><strong>Fractures Osseuses:<\/strong><\/h4>\n<\/li>\n<\/ul>\n<p>Les os qui se brisent facilement sont le sympt\u00f4me le plus \u00e9vident de la maladie. Des fractures osseuses peuvent survenir m\u00eame en cas de traumatisme mineur ou d&#8217;activit\u00e9s l\u00e9g\u00e8res.<\/p>\n<ul>\n<li>\n<h4><strong>Saignements de Nez:<\/strong><\/h4>\n<\/li>\n<\/ul>\n<p>Des saignements de nez fr\u00e9quents peuvent survenir.<\/p>\n<ul>\n<li>\n<h4><strong>Probl\u00e8mes de Saignement:<\/strong><\/h4>\n<\/li>\n<\/ul>\n<p>Il est difficile d\u2019arr\u00eater le saignement m\u00eame apr\u00e8s des blessures mineures.<\/p>\n<ul>\n<li>\n<h4><strong>Bleus:<\/strong><\/h4>\n<\/li>\n<\/ul>\n<p>Des ecchymoses et des contusions peuvent survenir facilement.<\/p>\n<ul>\n<li>\n<h4><strong>Jambes Tordues:<\/strong><\/h4>\n<\/li>\n<\/ul>\n<p>Des courbes ou des distorsions peuvent appara\u00eetre au niveau des jambes.<\/p>\n<ul>\n<li>\n<h4><strong>Probl\u00e8mes de Respiration:<\/strong><\/h4>\n<\/li>\n<\/ul>\n<p>Des probl\u00e8mes respiratoires peuvent survenir.<\/p>\n<ul>\n<li>\n<h4><strong>Probl\u00e8mes Dentaires:<\/strong><\/h4>\n<\/li>\n<\/ul>\n<p>Dents faibles et jaunies.<\/p>\n<ul>\n<li>\n<h4><strong>Scoliose (Courbure De La Colonne Vert\u00e9brale):<\/strong><\/h4>\n<\/li>\n<\/ul>\n<p>La courbure vert\u00e9brale est un sympt\u00f4me courant.<\/p>\n<ul>\n<li>\n<h4><strong>Petite Taille:<\/strong><\/h4>\n<\/li>\n<\/ul>\n<p>Le cou est plus court que la normale.<\/p>\n<ul>\n<li>\n<h4><strong>Fatigue:<\/strong><\/h4>\n<\/li>\n<\/ul>\n<p>Sentiment de fatigue chronique.<\/p>\n<ul>\n<li>\n<h4><strong>Incapacit\u00e9 \u00e0 Supporter La Chaleur:<\/strong><\/h4>\n<\/li>\n<\/ul>\n<p>Hypersensibilit\u00e9 due \u00e0 la chaleur ou \u00e0 une activit\u00e9.<\/p>\n<ul>\n<li>\n<h4><strong>Probl\u00e8mes Oculaires:<\/strong><\/h4>\n<\/li>\n<\/ul>\n<p>Bleuissement ou changement de couleur du blanc des yeux.<\/p>\n<ul>\n<li>\n<h4><strong>Joints L\u00e2ches:<\/strong><\/h4>\n<\/li>\n<\/ul>\n<p>Rel\u00e2chement et flexibilit\u00e9 des articulations.<\/p>\n<ul>\n<li>\n<h4><strong>Muscles Faibles:<\/strong><\/h4>\n<\/li>\n<\/ul>\n<p>Faiblesse musculaire.<\/p>\n<h3><strong>Quels Sont Les Types De Maladies Des Os De Verre (Ost\u00e9ogen\u00e8se \u0130mparfaite)\u00a0?<\/strong><\/h3>\n<p>La maladie des os de verre est cliniquement class\u00e9e en cinq types diff\u00e9rents, et chaque type poss\u00e8de des caract\u00e9ristiques distinctes.<\/p>\n<h4><strong>Ces types sont:<\/strong><\/h4>\n<ol>\n<li>\n<h4><strong>Maladie Des os De Verre De Type I (Type L\u00e9ger):<\/strong><\/h4>\n<\/li>\n<\/ol>\n<ul>\n<li>Moins de sympt\u00f4mes sont observ\u00e9s.<\/li>\n<li>La d\u00e9formation osseuse est rarement ou jamais observ\u00e9e.<\/li>\n<li>La taille reste normale.<\/li>\n<li>Le nombre de fractures osseuses est relativement moindre et peut diminuer au cours de l&#8217;adolescence.<\/li>\n<li>Il n&#8217;y a g\u00e9n\u00e9ralement pas de probl\u00e8mes dentaires, mais un bleuissement du blanc des yeux peut \u00eatre observ\u00e9.<\/li>\n<li>Il existe un risque de perte auditive \u00e0 l&#8217;\u00e2ge adulte.<\/li>\n<li>Les articulations sont l\u00e2ches et une l\u00e9g\u00e8re courbure de la colonne vert\u00e9brale peut \u00eatre observ\u00e9e.<\/li>\n<\/ul>\n<ol start=\"2\">\n<li>\n<h4><strong>Maladie Des os De Verre De Type II (Type Mortel)\u00a0:<\/strong><\/h4>\n<\/li>\n<\/ol>\n<ul>\n<li>Durant la p\u00e9riode postnatale, de graves fractures osseuses et des probl\u00e8mes respiratoires surviennent.<\/li>\n<li>Les os des b\u00e9b\u00e9s sont longs et larges.<\/li>\n<li>Les b\u00e9b\u00e9s naissent souvent avec des os bris\u00e9s.<\/li>\n<li>Le blanc de l&#8217;\u0153il est fonc\u00e9.<\/li>\n<li>Ce type est une maladie qui peut entra\u00eener la mort.<\/li>\n<\/ul>\n<ol start=\"3\">\n<li>\n<h4><strong>Maladie Des os De Verre De Type III:<\/strong><\/h4>\n<\/li>\n<\/ol>\n<ul>\n<li>A tendance \u00e0 \u00eatre court et peut avoir une forme de visage triangulaire.<\/li>\n<li>La scoliose (courbure de la colonne vert\u00e9brale), le blanc des yeux presque gris et les probl\u00e8mes dentaires sont fr\u00e9quents.<\/li>\n<li>Cela peut provoquer de graves d\u00e9formations de la colonne vert\u00e9brale et de la cage thoracique.<\/li>\n<li>Le d\u00e9veloppement musculaire est faible, la masse musculaire est faible.<\/li>\n<li>Les b\u00e9b\u00e9s peuvent na\u00eetre avec des os bris\u00e9s.<\/li>\n<li>Il existe un risque de perte auditive.<\/li>\n<\/ul>\n<ol start=\"4\">\n<li>\n<h4><strong>Maladie Des os De Verre De Type IV:<\/strong><\/h4>\n<\/li>\n<\/ol>\n<ul>\n<li>Une petite taille est observ\u00e9e, mais elle n&#8217;est pas aussi prononc\u00e9e que dans le type III.<\/li>\n<li>Les fractures osseuses peuvent \u00eatre plus fr\u00e9quentes.<\/li>\n<li>Des complications telles que la scoliose, la perte auditive, la courbure de la colonne vert\u00e9brale et les d\u00e9formations osseuses sont courantes.<\/li>\n<\/ul>\n<ol start=\"5\">\n<li>\n<h4><strong>Maladie Des os De Verre De Type V\u00a0:<\/strong><\/h4>\n<\/li>\n<\/ol>\n<ul>\n<li>Il existe une petite taille, mais elle n&#8217;est pas aussi prononc\u00e9e que dans les types III et IV.<\/li>\n<li>Les fractures osseuses peuvent survenir plus fr\u00e9quemment que d&#8217;autres types.<\/li>\n<li>Des probl\u00e8mes tels que la scoliose, la courbure de la colonne vert\u00e9brale et les d\u00e9formations osseuses peuvent \u00e9galement survenir.<\/li>\n<\/ul>\n<h3><strong>Comment Diagnostique-T-On La Maladie Des Os De Verre (Ost\u00e9ogen\u00e8se \u0130mparfaite)\u00a0?<\/strong><\/h3>\n<p>Le diagnostic de maladie des os de verre repose sur les sympt\u00f4mes observ\u00e9s chez le patient, les ant\u00e9c\u00e9dents familiaux et les examens cliniques.<\/p>\n<h4><strong>Les m\u00e9thodes utilis\u00e9es \u00e0 cet effet sont:<\/strong><\/h4>\n<ul>\n<li>\n<h4><strong>\u00c9valuation Clinique:<\/strong><\/h4>\n<\/li>\n<\/ul>\n<p>La premi\u00e8re \u00e9tape du diagnostic de la maladie consiste \u00e0 examiner les sympt\u00f4mes du patient et \u00e0 examiner ses ant\u00e9c\u00e9dents m\u00e9dicaux. Les fractures osseuses, la petite taille, les d\u00e9formations osseuses et les probl\u00e8mes dentaires du patient sont examin\u00e9s.<\/p>\n<ul>\n<li>\n<h4><strong>Tests G\u00e9n\u00e9tiques:<\/strong><\/h4>\n<\/li>\n<\/ul>\n<p>La maladie \u00e9tant d\u2019origine g\u00e9n\u00e9tique, l\u2019analyse de l\u2019ADN constitue une partie importante du processus de diagnostic. Lors de ces tests, des mutations pouvant provoquer des maladies peuvent \u00eatre d\u00e9tect\u00e9es.<\/p>\n<ul>\n<li>\n<h4><strong>Vues:<\/strong><\/h4>\n<\/li>\n<\/ul>\n<p>La structure des os et des fractures peut \u00eatre observ\u00e9e gr\u00e2ce \u00e0 des graphiques osseux directs, une tomodensitom\u00e9trie ou une IRM.<\/p>\n<ul>\n<li>\n<h4><strong>Analyse du Collag\u00e8ne:<\/strong><\/h4>\n<\/li>\n<\/ul>\n<p>Le niveau de collag\u00e8ne dans le corps peut \u00eatre d\u00e9termin\u00e9 \u00e0 l\u2019aide d\u2019\u00e9chantillons de sang. De cette fa\u00e7on, un trouble de la production de collag\u00e8ne peut \u00eatre d\u00e9termin\u00e9.<\/p>\n<ul>\n<li>\n<h4><strong>Biopsie Osseuse:<\/strong><\/h4>\n<\/li>\n<\/ul>\n<p>Dans de rares cas, une biopsie osseuse peut \u00eatre n\u00e9cessaire.<\/p>\n<ul>\n<li>\n<h4><strong>Amniocent\u00e8se:<\/strong><\/h4>\n<\/li>\n<\/ul>\n<p>Une amniocent\u00e8se r\u00e9alis\u00e9e apr\u00e8s la 14e semaine de grossesse peut \u00eatre utilis\u00e9e pour \u00e9valuer le statut g\u00e9n\u00e9tique du f\u0153tus pendant la p\u00e9riode pr\u00e9natale et pour d\u00e9tecter des maladies g\u00e9n\u00e9tiques telles que la maladie des os de verre.<\/p>\n<h3><strong>Quel Est Le Traitement De La Maladie Des Os De Verre (Ost\u00e9ogen\u00e8se \u0130mparfaite) ?<\/strong><\/h3>\n<p>La maladie des os de verre est une maladie g\u00e9n\u00e9tique et il n\u2019existe pas de traitement d\u00e9finitif. Le traitement vise \u00e0 soulager les sympt\u00f4mes de la maladie, \u00e0 pr\u00e9venir les complications et \u00e0 am\u00e9liorer la qualit\u00e9 de vie du patient.<\/p>\n<ul>\n<li>\n<h4><strong>Traitement des Fractures:<\/strong><\/h4>\n<\/li>\n<\/ul>\n<p>Lorsque des fractures osseuses surviennent, elles sont trait\u00e9es de mani\u00e8re appropri\u00e9e. Des m\u00e9thodes chirurgicales ou non chirurgicales telles que la fixation des fractures avec du pl\u00e2tre ou des tiges d&#8217;acier peuvent \u00eatre utilis\u00e9es.<\/p>\n<ul>\n<li>\n<h4><strong>Physioth\u00e9rapie et R\u00e9adaptation:<\/strong><\/h4>\n<\/li>\n<\/ul>\n<p>Les programmes de physioth\u00e9rapie peuvent aider les patients \u00e0 augmenter leur force musculaire et \u00e0 am\u00e9liorer leur mobilit\u00e9. L&#8217;objectif est de r\u00e9duire les fractures osseuses et d&#8217;augmenter l&#8217;autonomie du patient.<\/p>\n<ul>\n<li>\n<h4><strong>M\u00e9dicament:<\/strong><\/h4>\n<\/li>\n<\/ul>\n<p>Les m\u00e9dicaments tels que les bisphosphonates peuvent augmenter la densit\u00e9 des os et contribuer \u00e0 r\u00e9duire les fractures. De plus, des suppl\u00e9ments de vitamines et de min\u00e9raux peuvent \u00eatre utilis\u00e9s pour favoriser la sant\u00e9 des os.<\/p>\n<ul>\n<li>\n<h4><strong>Intervention Chirurgicale:<\/strong><\/h4>\n<\/li>\n<\/ul>\n<p>Une intervention chirurgicale peut \u00eatre n\u00e9cessaire pour corriger des d\u00e9formations osseuses ou, dans les cas graves, pour utiliser des implants ou des proth\u00e8ses.<\/p>\n<ul>\n<li>\n<h4><strong>Soins Dentaires:<\/strong><\/h4>\n<\/li>\n<\/ul>\n<p>Les probl\u00e8mes dentaires \u00e9tant fr\u00e9quents, il est important de v\u00e9rifier r\u00e9guli\u00e8rement la sant\u00e9 dentaire et de r\u00e9aliser les interventions n\u00e9cessaires.<\/p>\n<ul>\n<li>\n<h4><strong>Pr\u00e9cautions Pour Prot\u00e9ger Les Os:<\/strong><\/h4>\n<\/li>\n<\/ul>\n<p>Afin de r\u00e9duire la charge sur les os, il est important que les patients veillent au contr\u00f4le de leur poids et cr\u00e9ent un environnement s\u00fbr pour r\u00e9duire le risque de chute.<\/p>\n<ul>\n<li>\n<h4><strong>Contr\u00f4les M\u00e9dicaux R\u00e9guliers:<\/strong><\/h4>\n<\/li>\n<\/ul>\n<p>Il est essentiel que les patients consultent r\u00e9guli\u00e8rement un m\u00e9decin pour suivre l\u2019\u00e9volution de la maladie et ajuster le traitement si n\u00e9cessaire.<\/p>\n<p>Le traitement est individualis\u00e9 en fonction du type de maladie, de sa gravit\u00e9 et de ses sympt\u00f4mes. Le plan de traitement vise \u00e0 am\u00e9liorer la qualit\u00e9 de vie du patient et \u00e0 minimiser les fractures osseuses et les complications.<\/p>\n<h3><strong>Quelles Sont Les Maladies Qui Ressemblent \u00c0 La Maladie Des Os De Verre (Ost\u00e9ogen\u00e8se \u0130mparfaite) Ou Qui Pr\u00e9sentent Des Sympt\u00f4mes Similaires ?<\/strong><\/h3>\n<ul>\n<li>\n<h4><strong>Syndrome de Bruck:<\/strong><\/h4>\n<\/li>\n<\/ul>\n<p>Le syndrome de Bruck est une maladie g\u00e9n\u00e9tique qui entra\u00eene une fragilit\u00e9 des os et des contractures articulaires. Semblable \u00e0 la maladie des os de verre, les os peuvent se briser facilement.<\/p>\n<ul>\n<li>\n<h4><strong>Pseudogliome de l&#8217;ost\u00e9oporose:<\/strong><\/h4>\n<\/li>\n<\/ul>\n<p>Le pseudogliome de l\u2019ost\u00e9oporose est une maladie g\u00e9n\u00e9tique qui affaiblit les os. Cette maladie d\u00e9bute d\u00e8s l\u2019enfance et peut entra\u00eener des probl\u00e8mes de vision.<\/p>\n<ul>\n<li>\n<h4><strong>Dysplasie Fibreuse Panostotique:<\/strong><\/h4>\n<\/li>\n<\/ul>\n<p>Cette maladie osseuse rare affecte la croissance des os et peut provoquer un gonflement des os de la t\u00eate. Cela peut provoquer des d\u00e9formations et des douleurs au niveau des os.<\/p>\n<ul>\n<li>\n<h4><strong>Hypophosphatasie \u0130diopathique:<\/strong><\/h4>\n<\/li>\n<\/ul>\n<p>L&#8217;hypophosphatasie idiopathique est une maladie caus\u00e9e par un d\u00e9ficit d&#8217;une enzyme qui affecte la min\u00e9ralisation des os. Cela peut affaiblir et briser les os.<\/p>\n<ul>\n<li>\n<h4><strong>Maladie de Paget Juv\u00e9nile:<\/strong><\/h4>\n<\/li>\n<\/ul>\n<p>Cette maladie g\u00e9n\u00e9tique rare entra\u00eene un remodelage rapide des os, ce qui entra\u00eene une faiblesse des os. Les fractures et les d\u00e9formations sont fr\u00e9quentes.<\/p>\n<ul>\n<li>\n<h4><strong>Ost\u00e9oporose Juv\u00e9nile \u0130diopathique:<\/strong><\/h4>\n<\/li>\n<\/ul>\n<p>Cette maladie peut provoquer le d\u00e9veloppement de l\u2019ost\u00e9oporose \u00e0 un jeune \u00e2ge et entra\u00eener une fragilisation des os.<\/p>\n<h3><strong>Comment Am\u00e9liorer La Qualit\u00e9 De Vie Des Patients Atteints De La Maladie Des Os De Verre (Ost\u00e9ogen\u00e8se \u0130mparfaite)\u00a0?<\/strong><\/h3>\n<p>Le soutien qui peut \u00eatre apport\u00e9 aux personnes atteintes de la maladie des os de verre et \u00e0 leurs familles peut contribuer \u00e0 aider les patients \u00e0 atteindre une meilleure qualit\u00e9 de vie.<\/p>\n<h4><strong>\u00c0 cette fin, les op\u00e9rations suivantes peuvent \u00eatre effectu\u00e9es:<\/strong><\/h4>\n<ul>\n<li>\n<h4><strong>Recommandations en Mati\u00e8re D&#8217;activit\u00e9 Physique:<\/strong><\/h4>\n<\/li>\n<\/ul>\n<p>Il est tr\u00e8s important pour les patients atteints de la maladie des os de verre de pratiquer une activit\u00e9 physique afin d&#8217;augmenter leur force musculaire et de favoriser la sant\u00e9 de leurs os. Il est important que ces activit\u00e9s soient soigneusement planifi\u00e9es et r\u00e9alis\u00e9es sous la supervision d\u2019un m\u00e9decin. La natation, les sports \u00e0 faible risque de traumatisme et la physioth\u00e9rapie contribuent \u00e0 renforcer les os.<\/p>\n<ul>\n<li>\n<h4><strong>Conseil en Nutrition:<\/strong><\/h4>\n<\/li>\n<\/ul>\n<p>Une alimentation \u00e9quilibr\u00e9e est importante pour soutenir la sant\u00e9 des os. Il vise \u00e0 augmenter la densit\u00e9 osseuse gr\u00e2ce \u00e0 une alimentation riche en calcium, en vitamine D et en prot\u00e9ines. La planification est faite en fonction des besoins individuels du patient.<\/p>\n<ul>\n<li>\n<h4><strong>Soutien Psychosocial:<\/strong><\/h4>\n<\/li>\n<\/ul>\n<p>Faire face \u00e0 cette maladie peut \u00eatre difficile tant pour le patient que pour sa famille. Les besoins \u00e9motionnels des patients peuvent \u00eatre satisfaits gr\u00e2ce au soutien et aux conseils d&#8217;un psychologue.<\/p>\n<ul>\n<li>\n<h4><strong>Support de Vie Sans Obstacle:<\/strong><\/h4>\n<\/li>\n<\/ul>\n<p>Il est important que ces patients am\u00e9nagent leur domicile et leur environnement de mani\u00e8re appropri\u00e9e. La qualit\u00e9 de vie du patient peut ainsi \u00eatre am\u00e9lior\u00e9e.<\/p>\n<ul>\n<li>\n<h4><strong>Suivi et Traitement R\u00e9guliers:<\/strong><\/h4>\n<\/li>\n<\/ul>\n<p>Le traitement des personnes atteintes de la maladie des os de verre dure g\u00e9n\u00e9ralement toute la vie. Il est important que ces patients se rendent r\u00e9guli\u00e8rement chez leur m\u00e9decin pour des contr\u00f4les et respectent le traitement. De cette mani\u00e8re, les complications peuvent \u00eatre \u00e9vit\u00e9es et la qualit\u00e9 de vie peut \u00eatre am\u00e9lior\u00e9e.<\/p>\n","protected":false},"excerpt":{"rendered":"<p>Qu\u2019est-Ce Que La Maladie Des Os De Verre (Ost\u00e9ogen\u00e8se \u0130mparfaite)\u00a0? La maladie des os de verre, \u00e9galement connue sous le nom d&#8217;ost\u00e9ogen\u00e8se imparfaite, est une maladie g\u00e9n\u00e9tique caract\u00e9ris\u00e9e par une fracture facile des os, qui se d\u00e9veloppe en raison d&#8217;une carence en collag\u00e8ne qui constitue la structure du syst\u00e8me musculo-squelettique. Surtout lorsque les b\u00e9b\u00e9s naissent [&hellip;]<\/p>\n","protected":false},"author":3,"featured_media":10017,"comment_status":"open","ping_status":"closed","sticky":false,"template":"","format":"standard","meta":[],"categories":[1003,19],"tags":[2611,2612],"yoast_head":"<!-- This site is optimized with the Yoast SEO Premium plugin v17.5 (Yoast SEO v18.4.1) - https:\/\/yoast.com\/wordpress\/plugins\/seo\/ -->\n<title>Qu\u2019est-Ce Que La Maladie Des Os De Verre (Ost\u00e9ogen\u00e8se \u0130mparfaite)\u00a0? - Turkey Istanbul Medical<\/title>\n<meta name=\"description\" content=\"La maladie des os de verre, \u00e9galement connue sous le nom d&#039;ost\u00e9ogen\u00e8se imparfaite, est une maladie g\u00e9n\u00e9tique caract\u00e9ris\u00e9e par une fracture\" \/>\n<meta name=\"robots\" content=\"index, follow, max-snippet:-1, max-image-preview:large, max-video-preview:-1\" \/>\n<link rel=\"canonical\" href=\"https:\/\/turkeyistanbulmedical.com\/fr\/quest-ce-que-la-maladie-des-os-de-verre-osteogenese-imparfaite\/\" \/>\n<meta property=\"og:locale\" content=\"fr_FR\" \/>\n<meta property=\"og:type\" content=\"article\" \/>\n<meta property=\"og:title\" content=\"Qu\u2019est-Ce Que La Maladie Des Os De Verre (Ost\u00e9ogen\u00e8se \u0130mparfaite)\u00a0?\" \/>\n<meta property=\"og:description\" content=\"La maladie des os de verre, \u00e9galement connue sous le nom d&#039;ost\u00e9ogen\u00e8se imparfaite, est une maladie g\u00e9n\u00e9tique caract\u00e9ris\u00e9e par une fracture\" \/>\n<meta property=\"og:url\" content=\"https:\/\/turkeyistanbulmedical.com\/fr\/quest-ce-que-la-maladie-des-os-de-verre-osteogenese-imparfaite\/\" \/>\n<meta property=\"og:site_name\" content=\"Turkey Istanbul Medical\" \/>\n<meta property=\"article:published_time\" content=\"2023-11-13T10:44:11+00:00\" \/>\n<meta property=\"article:modified_time\" content=\"2023-11-13T13:11:50+00:00\" \/>\n<meta property=\"og:image\" content=\"https:\/\/turkeyistanbulmedical.com\/wp-content\/uploads\/2023\/11\/Osteogenesis-Imperfecta.jpg\" \/>\n\t<meta property=\"og:image:width\" content=\"612\" \/>\n\t<meta property=\"og:image:height\" content=\"612\" \/>\n\t<meta property=\"og:image:type\" content=\"image\/jpeg\" \/>\n<meta name=\"twitter:card\" content=\"summary_large_image\" \/>\n<meta name=\"twitter:label1\" content=\"Written by\" \/>\n\t<meta name=\"twitter:data1\" content=\"Turkey Istanbul Medical\" \/>\n\t<meta name=\"twitter:label2\" content=\"Est. reading time\" \/>\n\t<meta name=\"twitter:data2\" content=\"10 minutes\" \/>\n<script type=\"application\/ld+json\" class=\"yoast-schema-graph\">{\"@context\":\"https:\/\/schema.org\",\"@graph\":[{\"@type\":\"Organization\",\"@id\":\"https:\/\/turkeyistanbulmedical.com\/#organization\",\"name\":\"Turkey Istanbul Medical\",\"url\":\"https:\/\/turkeyistanbulmedical.com\/\",\"sameAs\":[],\"logo\":{\"@type\":\"ImageObject\",\"@id\":\"https:\/\/turkeyistanbulmedical.com\/#logo\",\"inLanguage\":\"fr-FR\",\"url\":\"https:\/\/turkeyistanbulmedical.com\/wp-content\/uploads\/2021\/04\/cropped-TIM-1-1-1.png\",\"contentUrl\":\"https:\/\/turkeyistanbulmedical.com\/wp-content\/uploads\/2021\/04\/cropped-TIM-1-1-1.png\",\"width\":394,\"height\":324,\"caption\":\"Turkey Istanbul Medical\"},\"image\":{\"@id\":\"https:\/\/turkeyistanbulmedical.com\/#logo\"}},{\"@type\":\"WebSite\",\"@id\":\"https:\/\/turkeyistanbulmedical.com\/#website\",\"url\":\"https:\/\/turkeyistanbulmedical.com\/\",\"name\":\"Turkey Istanbul Medical\",\"description\":\"Healthcare consulting - Best Doctors and Hospital Istanbul\",\"publisher\":{\"@id\":\"https:\/\/turkeyistanbulmedical.com\/#organization\"},\"potentialAction\":[{\"@type\":\"SearchAction\",\"target\":{\"@type\":\"EntryPoint\",\"urlTemplate\":\"https:\/\/turkeyistanbulmedical.com\/?s={search_term_string}\"},\"query-input\":\"required name=search_term_string\"}],\"inLanguage\":\"fr-FR\"},{\"@type\":\"ImageObject\",\"@id\":\"https:\/\/turkeyistanbulmedical.com\/fr\/quest-ce-que-la-maladie-des-os-de-verre-osteogenese-imparfaite\/#primaryimage\",\"inLanguage\":\"fr-FR\",\"url\":\"https:\/\/turkeyistanbulmedical.com\/wp-content\/uploads\/2023\/11\/Osteogenesis-Imperfecta.jpg\",\"contentUrl\":\"https:\/\/turkeyistanbulmedical.com\/wp-content\/uploads\/2023\/11\/Osteogenesis-Imperfecta.jpg\",\"width\":612,\"height\":612,\"caption\":\"Illustration of osteoporosis bone and healthy bone.\"},{\"@type\":\"WebPage\",\"@id\":\"https:\/\/turkeyistanbulmedical.com\/fr\/quest-ce-que-la-maladie-des-os-de-verre-osteogenese-imparfaite\/#webpage\",\"url\":\"https:\/\/turkeyistanbulmedical.com\/fr\/quest-ce-que-la-maladie-des-os-de-verre-osteogenese-imparfaite\/\",\"name\":\"Qu\u2019est-Ce Que La Maladie Des Os De Verre (Ost\u00e9ogen\u00e8se \u0130mparfaite)\u00a0? - Turkey Istanbul Medical\",\"isPartOf\":{\"@id\":\"https:\/\/turkeyistanbulmedical.com\/#website\"},\"primaryImageOfPage\":{\"@id\":\"https:\/\/turkeyistanbulmedical.com\/fr\/quest-ce-que-la-maladie-des-os-de-verre-osteogenese-imparfaite\/#primaryimage\"},\"datePublished\":\"2023-11-13T10:44:11+00:00\",\"dateModified\":\"2023-11-13T13:11:50+00:00\",\"description\":\"La maladie des os de verre, \u00e9galement connue sous le nom d'ost\u00e9ogen\u00e8se imparfaite, est une maladie g\u00e9n\u00e9tique caract\u00e9ris\u00e9e par une fracture\",\"breadcrumb\":{\"@id\":\"https:\/\/turkeyistanbulmedical.com\/fr\/quest-ce-que-la-maladie-des-os-de-verre-osteogenese-imparfaite\/#breadcrumb\"},\"inLanguage\":\"fr-FR\",\"potentialAction\":[{\"@type\":\"ReadAction\",\"target\":[\"https:\/\/turkeyistanbulmedical.com\/fr\/quest-ce-que-la-maladie-des-os-de-verre-osteogenese-imparfaite\/\"]}]},{\"@type\":\"BreadcrumbList\",\"@id\":\"https:\/\/turkeyistanbulmedical.com\/fr\/quest-ce-que-la-maladie-des-os-de-verre-osteogenese-imparfaite\/#breadcrumb\",\"itemListElement\":[{\"@type\":\"ListItem\",\"position\":1,\"name\":\"Home\",\"item\":\"https:\/\/turkeyistanbulmedical.com\/fr\/\"},{\"@type\":\"ListItem\",\"position\":2,\"name\":\"Qu\u2019est-Ce Que La Maladie Des Os De Verre (Ost\u00e9ogen\u00e8se \u0130mparfaite)\u00a0?\"}]},{\"@type\":\"Article\",\"@id\":\"https:\/\/turkeyistanbulmedical.com\/fr\/quest-ce-que-la-maladie-des-os-de-verre-osteogenese-imparfaite\/#article\",\"isPartOf\":{\"@id\":\"https:\/\/turkeyistanbulmedical.com\/fr\/quest-ce-que-la-maladie-des-os-de-verre-osteogenese-imparfaite\/#webpage\"},\"author\":{\"@id\":\"https:\/\/turkeyistanbulmedical.com\/#\/schema\/person\/00086cb50936bc11058a287837928bbc\"},\"headline\":\"Qu\u2019est-Ce Que La Maladie Des Os De Verre (Ost\u00e9ogen\u00e8se \u0130mparfaite)\u00a0?\",\"datePublished\":\"2023-11-13T10:44:11+00:00\",\"dateModified\":\"2023-11-13T13:11:50+00:00\",\"mainEntityOfPage\":{\"@id\":\"https:\/\/turkeyistanbulmedical.com\/fr\/quest-ce-que-la-maladie-des-os-de-verre-osteogenese-imparfaite\/#webpage\"},\"wordCount\":2220,\"commentCount\":0,\"publisher\":{\"@id\":\"https:\/\/turkeyistanbulmedical.com\/#organization\"},\"image\":{\"@id\":\"https:\/\/turkeyistanbulmedical.com\/fr\/quest-ce-que-la-maladie-des-os-de-verre-osteogenese-imparfaite\/#primaryimage\"},\"thumbnailUrl\":\"https:\/\/turkeyistanbulmedical.com\/wp-content\/uploads\/2023\/11\/Osteogenesis-Imperfecta.jpg\",\"keywords\":[\"La Maladie Des Os De Verre\",\"Ost\u00e9ogen\u00e8se \u0130mparfaite\"],\"articleSection\":[\"Orthop\u00e9die - Kin\u00e9sith\u00e9rapie\",\"Non classifi\u00e9(e)\"],\"inLanguage\":\"fr-FR\",\"potentialAction\":[{\"@type\":\"CommentAction\",\"name\":\"Comment\",\"target\":[\"https:\/\/turkeyistanbulmedical.com\/fr\/quest-ce-que-la-maladie-des-os-de-verre-osteogenese-imparfaite\/#respond\"]}]},{\"@type\":\"Person\",\"@id\":\"https:\/\/turkeyistanbulmedical.com\/#\/schema\/person\/00086cb50936bc11058a287837928bbc\",\"name\":\"Turkey Istanbul Medical\",\"image\":{\"@type\":\"ImageObject\",\"@id\":\"https:\/\/turkeyistanbulmedical.com\/#personlogo\",\"inLanguage\":\"fr-FR\",\"url\":\"https:\/\/secure.gravatar.com\/avatar\/73777217e21bf71b3a3405be6e3ab19a?s=96&d=mm&r=g\",\"contentUrl\":\"https:\/\/secure.gravatar.com\/avatar\/73777217e21bf71b3a3405be6e3ab19a?s=96&d=mm&r=g\",\"caption\":\"Turkey Istanbul Medical\"},\"sameAs\":[\"https:\/\/turkeyistanbulmedical.com\"],\"url\":\"https:\/\/turkeyistanbulmedical.com\/fr\/author\/admin\/\"}]}<\/script>\n<!-- \/ Yoast SEO Premium plugin. -->","yoast_head_json":{"title":"Qu\u2019est-Ce Que La Maladie Des Os De Verre (Ost\u00e9ogen\u00e8se \u0130mparfaite)\u00a0? - Turkey Istanbul Medical","description":"La maladie des os de verre, \u00e9galement connue sous le nom d'ost\u00e9ogen\u00e8se imparfaite, est une maladie g\u00e9n\u00e9tique caract\u00e9ris\u00e9e par une fracture","robots":{"index":"index","follow":"follow","max-snippet":"max-snippet:-1","max-image-preview":"max-image-preview:large","max-video-preview":"max-video-preview:-1"},"canonical":"https:\/\/turkeyistanbulmedical.com\/fr\/quest-ce-que-la-maladie-des-os-de-verre-osteogenese-imparfaite\/","og_locale":"fr_FR","og_type":"article","og_title":"Qu\u2019est-Ce Que La Maladie Des Os De Verre (Ost\u00e9ogen\u00e8se \u0130mparfaite)\u00a0?","og_description":"La maladie des os de verre, \u00e9galement connue sous le nom d'ost\u00e9ogen\u00e8se imparfaite, est une maladie g\u00e9n\u00e9tique caract\u00e9ris\u00e9e par une fracture","og_url":"https:\/\/turkeyistanbulmedical.com\/fr\/quest-ce-que-la-maladie-des-os-de-verre-osteogenese-imparfaite\/","og_site_name":"Turkey Istanbul Medical","article_published_time":"2023-11-13T10:44:11+00:00","article_modified_time":"2023-11-13T13:11:50+00:00","og_image":[{"width":612,"height":612,"url":"https:\/\/turkeyistanbulmedical.com\/wp-content\/uploads\/2023\/11\/Osteogenesis-Imperfecta.jpg","type":"image\/jpeg"}],"twitter_card":"summary_large_image","twitter_misc":{"Written by":"Turkey Istanbul Medical","Est. reading time":"10 minutes"},"schema":{"@context":"https:\/\/schema.org","@graph":[{"@type":"Organization","@id":"https:\/\/turkeyistanbulmedical.com\/#organization","name":"Turkey Istanbul Medical","url":"https:\/\/turkeyistanbulmedical.com\/","sameAs":[],"logo":{"@type":"ImageObject","@id":"https:\/\/turkeyistanbulmedical.com\/#logo","inLanguage":"fr-FR","url":"https:\/\/turkeyistanbulmedical.com\/wp-content\/uploads\/2021\/04\/cropped-TIM-1-1-1.png","contentUrl":"https:\/\/turkeyistanbulmedical.com\/wp-content\/uploads\/2021\/04\/cropped-TIM-1-1-1.png","width":394,"height":324,"caption":"Turkey Istanbul Medical"},"image":{"@id":"https:\/\/turkeyistanbulmedical.com\/#logo"}},{"@type":"WebSite","@id":"https:\/\/turkeyistanbulmedical.com\/#website","url":"https:\/\/turkeyistanbulmedical.com\/","name":"Turkey Istanbul Medical","description":"Healthcare consulting - Best Doctors and Hospital Istanbul","publisher":{"@id":"https:\/\/turkeyistanbulmedical.com\/#organization"},"potentialAction":[{"@type":"SearchAction","target":{"@type":"EntryPoint","urlTemplate":"https:\/\/turkeyistanbulmedical.com\/?s={search_term_string}"},"query-input":"required name=search_term_string"}],"inLanguage":"fr-FR"},{"@type":"ImageObject","@id":"https:\/\/turkeyistanbulmedical.com\/fr\/quest-ce-que-la-maladie-des-os-de-verre-osteogenese-imparfaite\/#primaryimage","inLanguage":"fr-FR","url":"https:\/\/turkeyistanbulmedical.com\/wp-content\/uploads\/2023\/11\/Osteogenesis-Imperfecta.jpg","contentUrl":"https:\/\/turkeyistanbulmedical.com\/wp-content\/uploads\/2023\/11\/Osteogenesis-Imperfecta.jpg","width":612,"height":612,"caption":"Illustration of osteoporosis bone and healthy bone."},{"@type":"WebPage","@id":"https:\/\/turkeyistanbulmedical.com\/fr\/quest-ce-que-la-maladie-des-os-de-verre-osteogenese-imparfaite\/#webpage","url":"https:\/\/turkeyistanbulmedical.com\/fr\/quest-ce-que-la-maladie-des-os-de-verre-osteogenese-imparfaite\/","name":"Qu\u2019est-Ce Que La Maladie Des Os De Verre (Ost\u00e9ogen\u00e8se \u0130mparfaite)\u00a0? - Turkey Istanbul Medical","isPartOf":{"@id":"https:\/\/turkeyistanbulmedical.com\/#website"},"primaryImageOfPage":{"@id":"https:\/\/turkeyistanbulmedical.com\/fr\/quest-ce-que-la-maladie-des-os-de-verre-osteogenese-imparfaite\/#primaryimage"},"datePublished":"2023-11-13T10:44:11+00:00","dateModified":"2023-11-13T13:11:50+00:00","description":"La maladie des os de verre, \u00e9galement connue sous le nom d'ost\u00e9ogen\u00e8se imparfaite, est une maladie g\u00e9n\u00e9tique caract\u00e9ris\u00e9e par une fracture","breadcrumb":{"@id":"https:\/\/turkeyistanbulmedical.com\/fr\/quest-ce-que-la-maladie-des-os-de-verre-osteogenese-imparfaite\/#breadcrumb"},"inLanguage":"fr-FR","potentialAction":[{"@type":"ReadAction","target":["https:\/\/turkeyistanbulmedical.com\/fr\/quest-ce-que-la-maladie-des-os-de-verre-osteogenese-imparfaite\/"]}]},{"@type":"BreadcrumbList","@id":"https:\/\/turkeyistanbulmedical.com\/fr\/quest-ce-que-la-maladie-des-os-de-verre-osteogenese-imparfaite\/#breadcrumb","itemListElement":[{"@type":"ListItem","position":1,"name":"Home","item":"https:\/\/turkeyistanbulmedical.com\/fr\/"},{"@type":"ListItem","position":2,"name":"Qu\u2019est-Ce Que La Maladie Des Os De Verre (Ost\u00e9ogen\u00e8se \u0130mparfaite)\u00a0?"}]},{"@type":"Article","@id":"https:\/\/turkeyistanbulmedical.com\/fr\/quest-ce-que-la-maladie-des-os-de-verre-osteogenese-imparfaite\/#article","isPartOf":{"@id":"https:\/\/turkeyistanbulmedical.com\/fr\/quest-ce-que-la-maladie-des-os-de-verre-osteogenese-imparfaite\/#webpage"},"author":{"@id":"https:\/\/turkeyistanbulmedical.com\/#\/schema\/person\/00086cb50936bc11058a287837928bbc"},"headline":"Qu\u2019est-Ce Que La Maladie Des Os De Verre (Ost\u00e9ogen\u00e8se \u0130mparfaite)\u00a0?","datePublished":"2023-11-13T10:44:11+00:00","dateModified":"2023-11-13T13:11:50+00:00","mainEntityOfPage":{"@id":"https:\/\/turkeyistanbulmedical.com\/fr\/quest-ce-que-la-maladie-des-os-de-verre-osteogenese-imparfaite\/#webpage"},"wordCount":2220,"commentCount":0,"publisher":{"@id":"https:\/\/turkeyistanbulmedical.com\/#organization"},"image":{"@id":"https:\/\/turkeyistanbulmedical.com\/fr\/quest-ce-que-la-maladie-des-os-de-verre-osteogenese-imparfaite\/#primaryimage"},"thumbnailUrl":"https:\/\/turkeyistanbulmedical.com\/wp-content\/uploads\/2023\/11\/Osteogenesis-Imperfecta.jpg","keywords":["La Maladie Des Os De Verre","Ost\u00e9ogen\u00e8se \u0130mparfaite"],"articleSection":["Orthop\u00e9die - Kin\u00e9sith\u00e9rapie","Non classifi\u00e9(e)"],"inLanguage":"fr-FR","potentialAction":[{"@type":"CommentAction","name":"Comment","target":["https:\/\/turkeyistanbulmedical.com\/fr\/quest-ce-que-la-maladie-des-os-de-verre-osteogenese-imparfaite\/#respond"]}]},{"@type":"Person","@id":"https:\/\/turkeyistanbulmedical.com\/#\/schema\/person\/00086cb50936bc11058a287837928bbc","name":"Turkey Istanbul Medical","image":{"@type":"ImageObject","@id":"https:\/\/turkeyistanbulmedical.com\/#personlogo","inLanguage":"fr-FR","url":"https:\/\/secure.gravatar.com\/avatar\/73777217e21bf71b3a3405be6e3ab19a?s=96&d=mm&r=g","contentUrl":"https:\/\/secure.gravatar.com\/avatar\/73777217e21bf71b3a3405be6e3ab19a?s=96&d=mm&r=g","caption":"Turkey Istanbul Medical"},"sameAs":["https:\/\/turkeyistanbulmedical.com"],"url":"https:\/\/turkeyistanbulmedical.com\/fr\/author\/admin\/"}]}},"jetpack_featured_media_url":"https:\/\/turkeyistanbulmedical.com\/wp-content\/uploads\/2023\/11\/Osteogenesis-Imperfecta.jpg","amp_enabled":true,"_links":{"self":[{"href":"https:\/\/turkeyistanbulmedical.com\/fr\/wp-json\/wp\/v2\/posts\/10022"}],"collection":[{"href":"https:\/\/turkeyistanbulmedical.com\/fr\/wp-json\/wp\/v2\/posts"}],"about":[{"href":"https:\/\/turkeyistanbulmedical.com\/fr\/wp-json\/wp\/v2\/types\/post"}],"author":[{"embeddable":true,"href":"https:\/\/turkeyistanbulmedical.com\/fr\/wp-json\/wp\/v2\/users\/3"}],"replies":[{"embeddable":true,"href":"https:\/\/turkeyistanbulmedical.com\/fr\/wp-json\/wp\/v2\/comments?post=10022"}],"version-history":[{"count":1,"href":"https:\/\/turkeyistanbulmedical.com\/fr\/wp-json\/wp\/v2\/posts\/10022\/revisions"}],"predecessor-version":[{"id":10025,"href":"https:\/\/turkeyistanbulmedical.com\/fr\/wp-json\/wp\/v2\/posts\/10022\/revisions\/10025"}],"wp:featuredmedia":[{"embeddable":true,"href":"https:\/\/turkeyistanbulmedical.com\/fr\/wp-json\/wp\/v2\/media\/10017"}],"wp:attachment":[{"href":"https:\/\/turkeyistanbulmedical.com\/fr\/wp-json\/wp\/v2\/media?parent=10022"}],"wp:term":[{"taxonomy":"category","embeddable":true,"href":"https:\/\/turkeyistanbulmedical.com\/fr\/wp-json\/wp\/v2\/categories?post=10022"},{"taxonomy":"post_tag","embeddable":true,"href":"https:\/\/turkeyistanbulmedical.com\/fr\/wp-json\/wp\/v2\/tags?post=10022"}],"curies":[{"name":"wp","href":"https:\/\/api.w.org\/{rel}","templated":true}]}}